{"totalCount":23,"payload":"\n    \n        \n        \n    \n\n    \n\n    \n\n    \u003Cdiv class=\u0022table__row qa-activities-row\u0022\u003E\n\n        \u003Cdiv class=\u0022table__cell\u0022\u003E\n            \u003Cdiv class=\u0022user flag flag--top\u0022\u003E\n                \u003Cdiv class=\u0022flag__image\u0022\u003E\n                    \u003Cdiv class=\u0022avatar avatar--L\u0022\u003E\n                        \u003Ca href=\u0022https:\/\/forum.nos.pt\/members\/carla-mendes-76-81966\u0022 class=\u0022qa-profilepicture\u0022\u003E\n                            \u003Cdiv class=\u0022profilepicture\u0022\u003E\n                                                                    \u003Cdiv class=\u0022default-avatar avatar-variant-6\u0022\u003E\n                                        C\n                                    \u003C\/div\u003E\n                                                            \u003C\/div\u003E\n                                                    \u003C\/a\u003E\n                    \u003C\/div\u003E\n                \u003C\/div\u003E\n\n                \u003Cdiv class=\u0022user_data flag__body\u0022\u003E\n                    \u003Cdiv class=\u0022user_meta\u0022\u003E\n                                                                \u003Ca href=\u0022https:\/\/forum.nos.pt\/members\/carla-mendes-76-81966\u0022 class=\u0022username link link--quiet qa-username\u0022 title=\u0022Carla Mendes 76\u0022\u003E\n                    Carla Mendes 76\n                \u003C\/a\u003E\n                \u003Cspan class=\u0022useraction\u0022\u003Epublicou um coment\u00e1rio\u003C\/span\u003E\n            \n        \n                        \u003Cspan class=\u0022text--meta\u0022\u003E\n                            \n\n\n\u003Ctime class=\u0022  qa-latest-post-time\u0022 datetime=\u00222025-04-23\u0022\u003E\n    1 ano atr\u00e1s\n\u003C\/time\u003E\n\n                        \u003C\/span\u003E\n                    \u003C\/div\u003E\n\n                                \u003Ch4\u003E\n                \u003Ca class=\u0022link--header thread-list-block__title\u0022 href=\u0022https:\/\/forum.nos.pt\/questions\/12407\/replies\/193125\u0022\u003E\n                    Reclama\u00e7\u00e3o\n                \u003C\/a\u003E\n            \u003C\/h4\u003E\n             \u003Ca class=\u0022link link--underline\u0022 href=\u0022https:\/\/forum.nos.pt\/questions\/12407\/replies\/193125\u0022\u003E\n                 Ver coment\u00e1rio\n             \u003C\/a\u003E\n        \n                \u003C\/div\u003E\n            \u003C\/div\u003E\n        \u003C\/div\u003E\n\n    \u003C\/div\u003E\n\n\n    \n        \n        \n    \n\n    \n\n    \n\n    \u003Cdiv class=\u0022table__row qa-activities-row\u0022\u003E\n\n        \u003Cdiv class=\u0022table__cell\u0022\u003E\n            \u003Cdiv class=\u0022user flag flag--top\u0022\u003E\n                \u003Cdiv class=\u0022flag__image\u0022\u003E\n                    \u003Cdiv class=\u0022avatar avatar--L\u0022\u003E\n                        \u003Ca href=\u0022https:\/\/forum.nos.pt\/members\/carla-mendes-76-81966\u0022 class=\u0022qa-profilepicture\u0022\u003E\n                            \u003Cdiv class=\u0022profilepicture\u0022\u003E\n                                                                    \u003Cdiv class=\u0022default-avatar avatar-variant-6\u0022\u003E\n                                        C\n                                    \u003C\/div\u003E\n                                                            \u003C\/div\u003E\n                                                    \u003C\/a\u003E\n                    \u003C\/div\u003E\n                \u003C\/div\u003E\n\n                \u003Cdiv class=\u0022user_data flag__body\u0022\u003E\n                    \u003Cdiv class=\u0022user_meta\u0022\u003E\n                                                                \u003Ca href=\u0022https:\/\/forum.nos.pt\/members\/carla-mendes-76-81966\u0022 class=\u0022username link link--quiet qa-username\u0022 title=\u0022Carla Mendes 76\u0022\u003E\n                    Carla Mendes 76\n                \u003C\/a\u003E\n                \u003Cspan class=\u0022useraction\u0022\u003Epublicou um coment\u00e1rio\u003C\/span\u003E\n            \n        \n                        \u003Cspan class=\u0022text--meta\u0022\u003E\n                            \n\n\n\u003Ctime class=\u0022  qa-latest-post-time\u0022 datetime=\u00222025-04-23\u0022\u003E\n    1 ano atr\u00e1s\n\u003C\/time\u003E\n\n                        \u003C\/span\u003E\n                    \u003C\/div\u003E\n\n                                \u003Ch4\u003E\n                \u003Ca class=\u0022link--header thread-list-block__title\u0022 href=\u0022https:\/\/forum.nos.pt\/questions\/12407\/replies\/193122\u0022\u003E\n                    Reclama\u00e7\u00e3o\n                \u003C\/a\u003E\n            \u003C\/h4\u003E\n             \u003Ca class=\u0022link link--underline\u0022 href=\u0022https:\/\/forum.nos.pt\/questions\/12407\/replies\/193122\u0022\u003E\n                 Ver coment\u00e1rio\n             \u003C\/a\u003E\n        \n                \u003C\/div\u003E\n            \u003C\/div\u003E\n        \u003C\/div\u003E\n\n    \u003C\/div\u003E\n\n\n    \n        \n        \n    \n\n    \n\n    \n\n    \u003Cdiv class=\u0022table__row qa-activities-row\u0022\u003E\n\n        \u003Cdiv class=\u0022table__cell\u0022\u003E\n            \u003Cdiv class=\u0022user flag flag--top\u0022\u003E\n                \u003Cdiv class=\u0022flag__image\u0022\u003E\n                    \u003Cdiv class=\u0022avatar avatar--L\u0022\u003E\n                        \u003Ca href=\u0022https:\/\/forum.nos.pt\/members\/carla-mendes-76-81966\u0022 class=\u0022qa-profilepicture\u0022\u003E\n                            \u003Cdiv class=\u0022profilepicture\u0022\u003E\n                                                                    \u003Cdiv class=\u0022default-avatar avatar-variant-6\u0022\u003E\n                                        C\n                                    \u003C\/div\u003E\n                                                            \u003C\/div\u003E\n                                                    \u003C\/a\u003E\n                    \u003C\/div\u003E\n                \u003C\/div\u003E\n\n                \u003Cdiv class=\u0022user_data flag__body\u0022\u003E\n                    \u003Cdiv class=\u0022user_meta\u0022\u003E\n                                                                \u003Ca href=\u0022https:\/\/forum.nos.pt\/members\/carla-mendes-76-81966\u0022 class=\u0022username link link--quiet qa-username\u0022 title=\u0022Carla Mendes 76\u0022\u003E\n                    Carla Mendes 76\n                \u003C\/a\u003E\n                \u003Cspan class=\u0022useraction\u0022\u003Epublicou um coment\u00e1rio\u003C\/span\u003E\n            \n        \n                        \u003Cspan class=\u0022text--meta\u0022\u003E\n                            \n\n\n\u003Ctime class=\u0022  qa-latest-post-time\u0022 datetime=\u00222025-04-23\u0022\u003E\n    1 ano atr\u00e1s\n\u003C\/time\u003E\n\n                        \u003C\/span\u003E\n                    \u003C\/div\u003E\n\n                                \u003Ch4\u003E\n                \u003Ca class=\u0022link--header thread-list-block__title\u0022 href=\u0022https:\/\/forum.nos.pt\/questions\/12407\/replies\/193118\u0022\u003E\n                    Reclama\u00e7\u00e3o\n                \u003C\/a\u003E\n            \u003C\/h4\u003E\n             \u003Ca class=\u0022link link--underline\u0022 href=\u0022https:\/\/forum.nos.pt\/questions\/12407\/replies\/193118\u0022\u003E\n                 Ver coment\u00e1rio\n             \u003C\/a\u003E\n        \n                \u003C\/div\u003E\n            \u003C\/div\u003E\n        \u003C\/div\u003E\n\n    \u003C\/div\u003E\n\n\n    \n        \n        \n    \n\n    \n\n    \n\n    \u003Cdiv class=\u0022table__row qa-activities-row\u0022\u003E\n\n        \u003Cdiv class=\u0022table__cell\u0022\u003E\n            \u003Cdiv class=\u0022user flag flag--top\u0022\u003E\n                \u003Cdiv class=\u0022flag__image\u0022\u003E\n                    \u003Cdiv class=\u0022avatar avatar--L\u0022\u003E\n                        \u003Ca href=\u0022https:\/\/forum.nos.pt\/members\/carla-mendes-76-81966\u0022 class=\u0022qa-profilepicture\u0022\u003E\n                            \u003Cdiv class=\u0022profilepicture\u0022\u003E\n                                                                    \u003Cdiv class=\u0022default-avatar avatar-variant-6\u0022\u003E\n                                        C\n                                    \u003C\/div\u003E\n                                                            \u003C\/div\u003E\n                                                    \u003C\/a\u003E\n                    \u003C\/div\u003E\n                \u003C\/div\u003E\n\n                \u003Cdiv class=\u0022user_data flag__body\u0022\u003E\n                    \u003Cdiv class=\u0022user_meta\u0022\u003E\n                                                                \u003Ca href=\u0022https:\/\/forum.nos.pt\/members\/carla-mendes-76-81966\u0022 class=\u0022username link link--quiet qa-username\u0022 title=\u0022Carla Mendes 76\u0022\u003E\n                    Carla Mendes 76\n                \u003C\/a\u003E\n                \u003Cspan class=\u0022useraction\u0022\u003Epublicou um coment\u00e1rio\u003C\/span\u003E\n            \n        \n                        \u003Cspan class=\u0022text--meta\u0022\u003E\n                            \n\n\n\u003Ctime class=\u0022  qa-latest-post-time\u0022 datetime=\u00222025-04-23\u0022\u003E\n    1 ano atr\u00e1s\n\u003C\/time\u003E\n\n                        \u003C\/span\u003E\n                    \u003C\/div\u003E\n\n                                \u003Ch4\u003E\n                \u003Ca class=\u0022link--header thread-list-block__title\u0022 href=\u0022https:\/\/forum.nos.pt\/questions\/12407\/replies\/193116\u0022\u003E\n                    Reclama\u00e7\u00e3o\n                \u003C\/a\u003E\n            \u003C\/h4\u003E\n             \u003Ca class=\u0022link link--underline\u0022 href=\u0022https:\/\/forum.nos.pt\/questions\/12407\/replies\/193116\u0022\u003E\n                 Ver coment\u00e1rio\n             \u003C\/a\u003E\n        \n                \u003C\/div\u003E\n            \u003C\/div\u003E\n        \u003C\/div\u003E\n\n    \u003C\/div\u003E\n\n\n    \n        \n        \n    \n\n    \n\n    \n\n    \u003Cdiv class=\u0022table__row qa-activities-row\u0022\u003E\n\n        \u003Cdiv class=\u0022table__cell\u0022\u003E\n            \u003Cdiv class=\u0022user flag flag--top\u0022\u003E\n                \u003Cdiv class=\u0022flag__image\u0022\u003E\n                    \u003Cdiv class=\u0022avatar avatar--L\u0022\u003E\n                        \u003Ca href=\u0022https:\/\/forum.nos.pt\/members\/carla-mendes-76-81966\u0022 class=\u0022qa-profilepicture\u0022\u003E\n                            \u003Cdiv class=\u0022profilepicture\u0022\u003E\n                                                                    \u003Cdiv class=\u0022default-avatar avatar-variant-6\u0022\u003E\n                                        C\n                                    \u003C\/div\u003E\n                                                            \u003C\/div\u003E\n                                                    \u003C\/a\u003E\n                    \u003C\/div\u003E\n                \u003C\/div\u003E\n\n                \u003Cdiv class=\u0022user_data flag__body\u0022\u003E\n                    \u003Cdiv class=\u0022user_meta\u0022\u003E\n                                                                \u003Ca href=\u0022https:\/\/forum.nos.pt\/members\/carla-mendes-76-81966\u0022 class=\u0022username link link--quiet qa-username\u0022 title=\u0022Carla Mendes 76\u0022\u003E\n                    Carla Mendes 76\n                \u003C\/a\u003E\n                \u003Cspan class=\u0022useraction\u0022\u003Epublicou um coment\u00e1rio\u003C\/span\u003E\n            \n        \n                        \u003Cspan class=\u0022text--meta\u0022\u003E\n                            \n\n\n\u003Ctime class=\u0022  qa-latest-post-time\u0022 datetime=\u00222025-02-04\u0022\u003E\n    1 ano atr\u00e1s\n\u003C\/time\u003E\n\n                        \u003C\/span\u003E\n                    \u003C\/div\u003E\n\n                                \u003Ch4\u003E\n                \u003Ca class=\u0022link--header thread-list-block__title\u0022 href=\u0022https:\/\/forum.nos.pt\/conversations\/13044\/replies\/102089\u0022\u003E\n                    Pedido de ajuda urgente\n                \u003C\/a\u003E\n            \u003C\/h4\u003E\n             \u003Ca class=\u0022link link--underline\u0022 href=\u0022https:\/\/forum.nos.pt\/conversations\/13044\/replies\/102089\u0022\u003E\n                 Ver coment\u00e1rio\n             \u003C\/a\u003E\n        \n                \u003C\/div\u003E\n            \u003C\/div\u003E\n        \u003C\/div\u003E\n\n    \u003C\/div\u003E\n\n\n    \n        \n        \n    \n\n    \n\n    \n\n    \u003Cdiv class=\u0022table__row qa-activities-row\u0022\u003E\n\n        \u003Cdiv class=\u0022table__cell\u0022\u003E\n            \u003Cdiv class=\u0022user flag flag--top\u0022\u003E\n                \u003Cdiv class=\u0022flag__image\u0022\u003E\n                    \u003Cdiv class=\u0022avatar avatar--L\u0022\u003E\n                        \u003Ca href=\u0022https:\/\/forum.nos.pt\/members\/carla-mendes-76-81966\u0022 class=\u0022qa-profilepicture\u0022\u003E\n                            \u003Cdiv class=\u0022profilepicture\u0022\u003E\n                                                                    \u003Cdiv class=\u0022default-avatar avatar-variant-6\u0022\u003E\n                                        C\n                                    \u003C\/div\u003E\n                                                            \u003C\/div\u003E\n                                                    \u003C\/a\u003E\n                    \u003C\/div\u003E\n                \u003C\/div\u003E\n\n                \u003Cdiv class=\u0022user_data flag__body\u0022\u003E\n                    \u003Cdiv class=\u0022user_meta\u0022\u003E\n                                                                \u003Ca href=\u0022https:\/\/forum.nos.pt\/members\/carla-mendes-76-81966\u0022 class=\u0022username link link--quiet qa-username\u0022 title=\u0022Carla Mendes 76\u0022\u003E\n                    Carla Mendes 76\n                \u003C\/a\u003E\n                \u003Cspan class=\u0022useraction\u0022\u003Epublicou um coment\u00e1rio\u003C\/span\u003E\n            \n        \n                        \u003Cspan class=\u0022text--meta\u0022\u003E\n                            \n\n\n\u003Ctime class=\u0022  qa-latest-post-time\u0022 datetime=\u00222025-02-03\u0022\u003E\n    1 ano atr\u00e1s\n\u003C\/time\u003E\n\n                        \u003C\/span\u003E\n                    \u003C\/div\u003E\n\n                                \u003Ch4\u003E\n                \u003Ca class=\u0022link--header thread-list-block__title\u0022 href=\u0022https:\/\/forum.nos.pt\/conversations\/13044\/replies\/102086\u0022\u003E\n                    Pedido de ajuda urgente\n                \u003C\/a\u003E\n            \u003C\/h4\u003E\n             \u003Ca class=\u0022link link--underline\u0022 href=\u0022https:\/\/forum.nos.pt\/conversations\/13044\/replies\/102086\u0022\u003E\n                 Ver coment\u00e1rio\n             \u003C\/a\u003E\n        \n                \u003C\/div\u003E\n            \u003C\/div\u003E\n        \u003C\/div\u003E\n\n    \u003C\/div\u003E\n\n\n    \n\n    \n        \n        \n    \n\n    \n\n    \u003Cdiv class=\u0022table__row qa-activities-row\u0022\u003E\n\n        \u003Cdiv class=\u0022table__cell\u0022\u003E\n            \u003Cdiv class=\u0022user flag flag--top\u0022\u003E\n                \u003Cdiv class=\u0022flag__image\u0022\u003E\n                    \u003Cdiv class=\u0022avatar avatar--L\u0022\u003E\n                        \u003Ca href=\u0022https:\/\/forum.nos.pt\/members\/carla-mendes-76-81966\u0022 class=\u0022qa-profilepicture\u0022\u003E\n                            \u003Cdiv class=\u0022profilepicture\u0022\u003E\n                                                                    \u003Cdiv class=\u0022default-avatar avatar-variant-6\u0022\u003E\n                                        C\n                                    \u003C\/div\u003E\n                                                            \u003C\/div\u003E\n                                                    \u003C\/a\u003E\n                    \u003C\/div\u003E\n                \u003C\/div\u003E\n\n                \u003Cdiv class=\u0022user_data flag__body\u0022\u003E\n                    \u003Cdiv class=\u0022user_meta\u0022\u003E\n                                                                \u003Ca href=\u0022https:\/\/forum.nos.pt\/members\/carla-mendes-76-81966\u0022 class=\u0022username link link--quiet qa-username\u0022 title=\u0022Carla Mendes 76\u0022\u003E\n                    Carla Mendes 76\n                \u003C\/a\u003E\n              \u003Cspan class=\u0022useraction\u0022\u003Einiciou um t\u00f3pico com o t\u00edtulo\u003C\/span\u003E\n            \n        \n                        \u003Cspan class=\u0022text--meta\u0022\u003E\n                            \n\n\n\u003Ctime class=\u0022  qa-latest-post-time\u0022 datetime=\u00222025-02-03\u0022\u003E\n    1 ano atr\u00e1s\n\u003C\/time\u003E\n\n                        \u003C\/span\u003E\n                    \u003C\/div\u003E\n\n                                \u003Ch4\u003E\n                \u003Ca class=\u0022link--header thread-list-block__title\u0022 href=\u0022https:\/\/forum.nos.pt\/conversations\/13044\u0022\u003E\n                                        Pedido de ajuda urgente\n                \u003C\/a\u003E\n            \u003C\/h4\u003E\n        \n                \u003C\/div\u003E\n            \u003C\/div\u003E\n        \u003C\/div\u003E\n\n    \u003C\/div\u003E\n\n\n    \n        \n        \n    \n\n    \n\n    \n\n    \u003Cdiv class=\u0022table__row qa-activities-row\u0022\u003E\n\n        \u003Cdiv class=\u0022table__cell\u0022\u003E\n            \u003Cdiv class=\u0022user flag flag--top\u0022\u003E\n                \u003Cdiv class=\u0022flag__image\u0022\u003E\n                    \u003Cdiv class=\u0022avatar avatar--L\u0022\u003E\n                        \u003Ca href=\u0022https:\/\/forum.nos.pt\/members\/carla-mendes-76-81966\u0022 class=\u0022qa-profilepicture\u0022\u003E\n                            \u003Cdiv class=\u0022profilepicture\u0022\u003E\n                                                                    \u003Cdiv class=\u0022default-avatar avatar-variant-6\u0022\u003E\n                                        C\n                                    \u003C\/div\u003E\n                                                            \u003C\/div\u003E\n                                                    \u003C\/a\u003E\n                    \u003C\/div\u003E\n                \u003C\/div\u003E\n\n                \u003Cdiv class=\u0022user_data flag__body\u0022\u003E\n                    \u003Cdiv class=\u0022user_meta\u0022\u003E\n                                                                \u003Ca href=\u0022https:\/\/forum.nos.pt\/members\/carla-mendes-76-81966\u0022 class=\u0022username link link--quiet qa-username\u0022 title=\u0022Carla Mendes 76\u0022\u003E\n                    Carla Mendes 76\n                \u003C\/a\u003E\n                \u003Cspan class=\u0022useraction\u0022\u003Epublicou um coment\u00e1rio\u003C\/span\u003E\n            \n        \n                        \u003Cspan class=\u0022text--meta\u0022\u003E\n                            \n\n\n\u003Ctime class=\u0022  qa-latest-post-time\u0022 datetime=\u00222024-11-20\u0022\u003E\n    1 ano atr\u00e1s\n\u003C\/time\u003E\n\n                        \u003C\/span\u003E\n                    \u003C\/div\u003E\n\n                                \u003Ch4\u003E\n                \u003Ca class=\u0022link--header thread-list-block__title\u0022 href=\u0022https:\/\/forum.nos.pt\/conversations\/12280\/replies\/97273\u0022\u003E\n                    Reclama\u00e7\u00f5es e nada \u00e9 feito\n                \u003C\/a\u003E\n            \u003C\/h4\u003E\n             \u003Ca class=\u0022link link--underline\u0022 href=\u0022https:\/\/forum.nos.pt\/conversations\/12280\/replies\/97273\u0022\u003E\n                 Ver coment\u00e1rio\n             \u003C\/a\u003E\n        \n                \u003C\/div\u003E\n            \u003C\/div\u003E\n        \u003C\/div\u003E\n\n    \u003C\/div\u003E\n\n\n    \n        \n        \n    \n\n    \n\n    \n\n    \u003Cdiv class=\u0022table__row qa-activities-row\u0022\u003E\n\n        \u003Cdiv class=\u0022table__cell\u0022\u003E\n            \u003Cdiv class=\u0022user flag flag--top\u0022\u003E\n                \u003Cdiv class=\u0022flag__image\u0022\u003E\n                    \u003Cdiv class=\u0022avatar avatar--L\u0022\u003E\n                        \u003Ca href=\u0022https:\/\/forum.nos.pt\/members\/carla-mendes-76-81966\u0022 class=\u0022qa-profilepicture\u0022\u003E\n                            \u003Cdiv class=\u0022profilepicture\u0022\u003E\n                                                                    \u003Cdiv class=\u0022default-avatar avatar-variant-6\u0022\u003E\n                                        C\n                                    \u003C\/div\u003E\n                                                            \u003C\/div\u003E\n                                                    \u003C\/a\u003E\n                    \u003C\/div\u003E\n                \u003C\/div\u003E\n\n                \u003Cdiv class=\u0022user_data flag__body\u0022\u003E\n                    \u003Cdiv class=\u0022user_meta\u0022\u003E\n                                                                \u003Ca href=\u0022https:\/\/forum.nos.pt\/members\/carla-mendes-76-81966\u0022 class=\u0022username link link--quiet qa-username\u0022 title=\u0022Carla Mendes 76\u0022\u003E\n                    Carla Mendes 76\n                \u003C\/a\u003E\n                \u003Cspan class=\u0022useraction\u0022\u003Epublicou um coment\u00e1rio\u003C\/span\u003E\n            \n        \n                        \u003Cspan class=\u0022text--meta\u0022\u003E\n                            \n\n\n\u003Ctime class=\u0022  qa-latest-post-time\u0022 datetime=\u00222024-11-20\u0022\u003E\n    1 ano atr\u00e1s\n\u003C\/time\u003E\n\n                        \u003C\/span\u003E\n                    \u003C\/div\u003E\n\n                                \u003Ch4\u003E\n                \u003Ca class=\u0022link--header thread-list-block__title\u0022 href=\u0022https:\/\/forum.nos.pt\/conversations\/12280\/replies\/97269\u0022\u003E\n                    Reclama\u00e7\u00f5es e nada \u00e9 feito\n                \u003C\/a\u003E\n            \u003C\/h4\u003E\n             \u003Ca class=\u0022link link--underline\u0022 href=\u0022https:\/\/forum.nos.pt\/conversations\/12280\/replies\/97269\u0022\u003E\n                 Ver coment\u00e1rio\n             \u003C\/a\u003E\n        \n                \u003C\/div\u003E\n            \u003C\/div\u003E\n        \u003C\/div\u003E\n\n    \u003C\/div\u003E\n\n\n    \n        \n        \n    \n\n    \n\n    \n\n    \u003Cdiv class=\u0022table__row qa-activities-row\u0022\u003E\n\n        \u003Cdiv class=\u0022table__cell\u0022\u003E\n            \u003Cdiv class=\u0022user flag flag--top\u0022\u003E\n                \u003Cdiv class=\u0022flag__image\u0022\u003E\n                    \u003Cdiv class=\u0022avatar avatar--L\u0022\u003E\n                        \u003Ca href=\u0022https:\/\/forum.nos.pt\/members\/carla-mendes-76-81966\u0022 class=\u0022qa-profilepicture\u0022\u003E\n                            \u003Cdiv class=\u0022profilepicture\u0022\u003E\n                                                                    \u003Cdiv class=\u0022default-avatar avatar-variant-6\u0022\u003E\n                                        C\n                                    \u003C\/div\u003E\n                                                            \u003C\/div\u003E\n                                                    \u003C\/a\u003E\n                    \u003C\/div\u003E\n                \u003C\/div\u003E\n\n                \u003Cdiv class=\u0022user_data flag__body\u0022\u003E\n                    \u003Cdiv class=\u0022user_meta\u0022\u003E\n                                                                \u003Ca href=\u0022https:\/\/forum.nos.pt\/members\/carla-mendes-76-81966\u0022 class=\u0022username link link--quiet qa-username\u0022 title=\u0022Carla Mendes 76\u0022\u003E\n                    Carla Mendes 76\n                \u003C\/a\u003E\n                \u003Cspan class=\u0022useraction\u0022\u003Epublicou um coment\u00e1rio\u003C\/span\u003E\n            \n        \n                        \u003Cspan class=\u0022text--meta\u0022\u003E\n                            \n\n\n\u003Ctime class=\u0022  qa-latest-post-time\u0022 datetime=\u00222024-11-20\u0022\u003E\n    1 ano atr\u00e1s\n\u003C\/time\u003E\n\n                        \u003C\/span\u003E\n                    \u003C\/div\u003E\n\n                                \u003Ch4\u003E\n                \u003Ca class=\u0022link--header thread-list-block__title\u0022 href=\u0022https:\/\/forum.nos.pt\/conversations\/12280\/replies\/97260\u0022\u003E\n                    Reclama\u00e7\u00f5es e nada \u00e9 feito\n                \u003C\/a\u003E\n            \u003C\/h4\u003E\n             \u003Ca class=\u0022link link--underline\u0022 href=\u0022https:\/\/forum.nos.pt\/conversations\/12280\/replies\/97260\u0022\u003E\n                 Ver coment\u00e1rio\n             \u003C\/a\u003E\n        \n                \u003C\/div\u003E\n            \u003C\/div\u003E\n        \u003C\/div\u003E\n\n    \u003C\/div\u003E\n\n\n"}