{"totalCount":11,"payload":"\n    \n        \n        \n    \n\n    \n\n    \n\n    \u003Cdiv class=\u0022table__row qa-activities-row\u0022\u003E\n\n        \u003Cdiv class=\u0022table__cell\u0022\u003E\n            \u003Cdiv class=\u0022user flag flag--top\u0022\u003E\n                \u003Cdiv class=\u0022flag__image\u0022\u003E\n                    \u003Cdiv class=\u0022avatar avatar--L\u0022\u003E\n                        \u003Ca href=\u0022https:\/\/forum.nos.pt\/members\/rui-miguel-pereira-dias-51886\u0022 class=\u0022qa-profilepicture\u0022\u003E\n                            \u003Cdiv class=\u0022profilepicture\u0022\u003E\n                                                                    \u003Cdiv class=\u0022default-avatar avatar-variant-6\u0022\u003E\n                                        R\n                                    \u003C\/div\u003E\n                                                            \u003C\/div\u003E\n                                                    \u003C\/a\u003E\n                    \u003C\/div\u003E\n                \u003C\/div\u003E\n\n                \u003Cdiv class=\u0022user_data flag__body\u0022\u003E\n                    \u003Cdiv class=\u0022user_meta\u0022\u003E\n                                                                \u003Ca href=\u0022https:\/\/forum.nos.pt\/members\/rui-miguel-pereira-dias-51886\u0022 class=\u0022username link link--quiet qa-username\u0022 title=\u0022Rui Miguel Pereira Dias\u0022\u003E\n                    Rui Miguel Pereira Dias\n                \u003C\/a\u003E\n                \u003Cspan class=\u0022useraction\u0022\u003Epublicou um coment\u00e1rio\u003C\/span\u003E\n            \n        \n                        \u003Cspan class=\u0022text--meta\u0022\u003E\n                            \n\n\n\u003Ctime class=\u0022  qa-latest-post-time\u0022 datetime=\u00222023-11-19\u0022\u003E\n    2 anos atr\u00e1s\n\u003C\/time\u003E\n\n                        \u003C\/span\u003E\n                    \u003C\/div\u003E\n\n                                \u003Ch4\u003E\n                \u003Ca class=\u0022link--header thread-list-block__title\u0022 href=\u0022https:\/\/forum.nos.pt\/questions\/14701\/replies\/158416\u0022\u003E\n                    Quando posso comprar o 2 telem\u00f3vel a presta\u00e7\u00f5es?\n                \u003C\/a\u003E\n            \u003C\/h4\u003E\n             \u003Ca class=\u0022link link--underline\u0022 href=\u0022https:\/\/forum.nos.pt\/questions\/14701\/replies\/158416\u0022\u003E\n                 Ver coment\u00e1rio\n             \u003C\/a\u003E\n        \n                \u003C\/div\u003E\n            \u003C\/div\u003E\n        \u003C\/div\u003E\n\n    \u003C\/div\u003E\n\n\n    \n        \n        \n    \n\n    \n\n    \n\n    \u003Cdiv class=\u0022table__row qa-activities-row\u0022\u003E\n\n        \u003Cdiv class=\u0022table__cell\u0022\u003E\n            \u003Cdiv class=\u0022user flag flag--top\u0022\u003E\n                \u003Cdiv class=\u0022flag__image\u0022\u003E\n                    \u003Cdiv class=\u0022avatar avatar--L\u0022\u003E\n                        \u003Ca href=\u0022https:\/\/forum.nos.pt\/members\/rui-miguel-pereira-dias-51886\u0022 class=\u0022qa-profilepicture\u0022\u003E\n                            \u003Cdiv class=\u0022profilepicture\u0022\u003E\n                                                                    \u003Cdiv class=\u0022default-avatar avatar-variant-6\u0022\u003E\n                                        R\n                                    \u003C\/div\u003E\n                                                            \u003C\/div\u003E\n                                                    \u003C\/a\u003E\n                    \u003C\/div\u003E\n                \u003C\/div\u003E\n\n                \u003Cdiv class=\u0022user_data flag__body\u0022\u003E\n                    \u003Cdiv class=\u0022user_meta\u0022\u003E\n                                                                \u003Ca href=\u0022https:\/\/forum.nos.pt\/members\/rui-miguel-pereira-dias-51886\u0022 class=\u0022username link link--quiet qa-username\u0022 title=\u0022Rui Miguel Pereira Dias\u0022\u003E\n                    Rui Miguel Pereira Dias\n                \u003C\/a\u003E\n                \u003Cspan class=\u0022useraction\u0022\u003Epublicou um coment\u00e1rio\u003C\/span\u003E\n            \n        \n                        \u003Cspan class=\u0022text--meta\u0022\u003E\n                            \n\n\n\u003Ctime class=\u0022  qa-latest-post-time\u0022 datetime=\u00222023-11-19\u0022\u003E\n    2 anos atr\u00e1s\n\u003C\/time\u003E\n\n                        \u003C\/span\u003E\n                    \u003C\/div\u003E\n\n                                \u003Ch4\u003E\n                \u003Ca class=\u0022link--header thread-list-block__title\u0022 href=\u0022https:\/\/forum.nos.pt\/questions\/14701\/replies\/158414\u0022\u003E\n                    Quando posso comprar o 2 telem\u00f3vel a presta\u00e7\u00f5es?\n                \u003C\/a\u003E\n            \u003C\/h4\u003E\n             \u003Ca class=\u0022link link--underline\u0022 href=\u0022https:\/\/forum.nos.pt\/questions\/14701\/replies\/158414\u0022\u003E\n                 Ver coment\u00e1rio\n             \u003C\/a\u003E\n        \n                \u003C\/div\u003E\n            \u003C\/div\u003E\n        \u003C\/div\u003E\n\n    \u003C\/div\u003E\n\n\n    \n        \n        \n    \n\n    \n\n    \n\n    \u003Cdiv class=\u0022table__row qa-activities-row\u0022\u003E\n\n        \u003Cdiv class=\u0022table__cell\u0022\u003E\n            \u003Cdiv class=\u0022user flag flag--top\u0022\u003E\n                \u003Cdiv class=\u0022flag__image\u0022\u003E\n                    \u003Cdiv class=\u0022avatar avatar--L\u0022\u003E\n                        \u003Ca href=\u0022https:\/\/forum.nos.pt\/members\/rui-miguel-pereira-dias-51886\u0022 class=\u0022qa-profilepicture\u0022\u003E\n                            \u003Cdiv class=\u0022profilepicture\u0022\u003E\n                                                                    \u003Cdiv class=\u0022default-avatar avatar-variant-6\u0022\u003E\n                                        R\n                                    \u003C\/div\u003E\n                                                            \u003C\/div\u003E\n                                                    \u003C\/a\u003E\n                    \u003C\/div\u003E\n                \u003C\/div\u003E\n\n                \u003Cdiv class=\u0022user_data flag__body\u0022\u003E\n                    \u003Cdiv class=\u0022user_meta\u0022\u003E\n                                                                \u003Ca href=\u0022https:\/\/forum.nos.pt\/members\/rui-miguel-pereira-dias-51886\u0022 class=\u0022username link link--quiet qa-username\u0022 title=\u0022Rui Miguel Pereira Dias\u0022\u003E\n                    Rui Miguel Pereira Dias\n                \u003C\/a\u003E\n                \u003Cspan class=\u0022useraction\u0022\u003Epublicou um coment\u00e1rio\u003C\/span\u003E\n            \n        \n                        \u003Cspan class=\u0022text--meta\u0022\u003E\n                            \n\n\n\u003Ctime class=\u0022  qa-latest-post-time\u0022 datetime=\u00222023-11-19\u0022\u003E\n    2 anos atr\u00e1s\n\u003C\/time\u003E\n\n                        \u003C\/span\u003E\n                    \u003C\/div\u003E\n\n                                \u003Ch4\u003E\n                \u003Ca class=\u0022link--header thread-list-block__title\u0022 href=\u0022https:\/\/forum.nos.pt\/questions\/14701\/replies\/158413\u0022\u003E\n                    Quando posso comprar o 2 telem\u00f3vel a presta\u00e7\u00f5es?\n                \u003C\/a\u003E\n            \u003C\/h4\u003E\n             \u003Ca class=\u0022link link--underline\u0022 href=\u0022https:\/\/forum.nos.pt\/questions\/14701\/replies\/158413\u0022\u003E\n                 Ver coment\u00e1rio\n             \u003C\/a\u003E\n        \n                \u003C\/div\u003E\n            \u003C\/div\u003E\n        \u003C\/div\u003E\n\n    \u003C\/div\u003E\n\n\n    \n        \n        \n    \n\n    \n\n    \n\n    \u003Cdiv class=\u0022table__row qa-activities-row\u0022\u003E\n\n        \u003Cdiv class=\u0022table__cell\u0022\u003E\n            \u003Cdiv class=\u0022user flag flag--top\u0022\u003E\n                \u003Cdiv class=\u0022flag__image\u0022\u003E\n                    \u003Cdiv class=\u0022avatar avatar--L\u0022\u003E\n                        \u003Ca href=\u0022https:\/\/forum.nos.pt\/members\/rui-miguel-pereira-dias-51886\u0022 class=\u0022qa-profilepicture\u0022\u003E\n                            \u003Cdiv class=\u0022profilepicture\u0022\u003E\n                                                                    \u003Cdiv class=\u0022default-avatar avatar-variant-6\u0022\u003E\n                                        R\n                                    \u003C\/div\u003E\n                                                            \u003C\/div\u003E\n                                                    \u003C\/a\u003E\n                    \u003C\/div\u003E\n                \u003C\/div\u003E\n\n                \u003Cdiv class=\u0022user_data flag__body\u0022\u003E\n                    \u003Cdiv class=\u0022user_meta\u0022\u003E\n                                                                \u003Ca href=\u0022https:\/\/forum.nos.pt\/members\/rui-miguel-pereira-dias-51886\u0022 class=\u0022username link link--quiet qa-username\u0022 title=\u0022Rui Miguel Pereira Dias\u0022\u003E\n                    Rui Miguel Pereira Dias\n                \u003C\/a\u003E\n                \u003Cspan class=\u0022useraction\u0022\u003Epublicou um coment\u00e1rio\u003C\/span\u003E\n            \n        \n                        \u003Cspan class=\u0022text--meta\u0022\u003E\n                            \n\n\n\u003Ctime class=\u0022  qa-latest-post-time\u0022 datetime=\u00222023-11-19\u0022\u003E\n    2 anos atr\u00e1s\n\u003C\/time\u003E\n\n                        \u003C\/span\u003E\n                    \u003C\/div\u003E\n\n                                \u003Ch4\u003E\n                \u003Ca class=\u0022link--header thread-list-block__title\u0022 href=\u0022https:\/\/forum.nos.pt\/questions\/14701\/replies\/158409\u0022\u003E\n                    Quando posso comprar o 2 telem\u00f3vel a presta\u00e7\u00f5es?\n                \u003C\/a\u003E\n            \u003C\/h4\u003E\n             \u003Ca class=\u0022link link--underline\u0022 href=\u0022https:\/\/forum.nos.pt\/questions\/14701\/replies\/158409\u0022\u003E\n                 Ver coment\u00e1rio\n             \u003C\/a\u003E\n        \n                \u003C\/div\u003E\n            \u003C\/div\u003E\n        \u003C\/div\u003E\n\n    \u003C\/div\u003E\n\n\n    \n        \n        \n    \n\n    \n\n    \n\n    \u003Cdiv class=\u0022table__row qa-activities-row\u0022\u003E\n\n        \u003Cdiv class=\u0022table__cell\u0022\u003E\n            \u003Cdiv class=\u0022user flag flag--top\u0022\u003E\n                \u003Cdiv class=\u0022flag__image\u0022\u003E\n                    \u003Cdiv class=\u0022avatar avatar--L\u0022\u003E\n                        \u003Ca href=\u0022https:\/\/forum.nos.pt\/members\/rui-miguel-pereira-dias-51886\u0022 class=\u0022qa-profilepicture\u0022\u003E\n                            \u003Cdiv class=\u0022profilepicture\u0022\u003E\n                                                                    \u003Cdiv class=\u0022default-avatar avatar-variant-6\u0022\u003E\n                                        R\n                                    \u003C\/div\u003E\n                                                            \u003C\/div\u003E\n                                                    \u003C\/a\u003E\n                    \u003C\/div\u003E\n                \u003C\/div\u003E\n\n                \u003Cdiv class=\u0022user_data flag__body\u0022\u003E\n                    \u003Cdiv class=\u0022user_meta\u0022\u003E\n                                                                \u003Ca href=\u0022https:\/\/forum.nos.pt\/members\/rui-miguel-pereira-dias-51886\u0022 class=\u0022username link link--quiet qa-username\u0022 title=\u0022Rui Miguel Pereira Dias\u0022\u003E\n                    Rui Miguel Pereira Dias\n                \u003C\/a\u003E\n                \u003Cspan class=\u0022useraction\u0022\u003Epublicou um coment\u00e1rio\u003C\/span\u003E\n            \n        \n                        \u003Cspan class=\u0022text--meta\u0022\u003E\n                            \n\n\n\u003Ctime class=\u0022  qa-latest-post-time\u0022 datetime=\u00222023-11-19\u0022\u003E\n    2 anos atr\u00e1s\n\u003C\/time\u003E\n\n                        \u003C\/span\u003E\n                    \u003C\/div\u003E\n\n                                \u003Ch4\u003E\n                \u003Ca class=\u0022link--header thread-list-block__title\u0022 href=\u0022https:\/\/forum.nos.pt\/questions\/14701\/replies\/158404\u0022\u003E\n                    Quando posso comprar o 2 telem\u00f3vel a presta\u00e7\u00f5es?\n                \u003C\/a\u003E\n            \u003C\/h4\u003E\n             \u003Ca class=\u0022link link--underline\u0022 href=\u0022https:\/\/forum.nos.pt\/questions\/14701\/replies\/158404\u0022\u003E\n                 Ver coment\u00e1rio\n             \u003C\/a\u003E\n        \n                \u003C\/div\u003E\n            \u003C\/div\u003E\n        \u003C\/div\u003E\n\n    \u003C\/div\u003E\n\n\n    \n        \n        \n    \n\n    \n\n    \n\n    \u003Cdiv class=\u0022table__row qa-activities-row\u0022\u003E\n\n        \u003Cdiv class=\u0022table__cell\u0022\u003E\n            \u003Cdiv class=\u0022user flag flag--top\u0022\u003E\n                \u003Cdiv class=\u0022flag__image\u0022\u003E\n                    \u003Cdiv class=\u0022avatar avatar--L\u0022\u003E\n                        \u003Ca href=\u0022https:\/\/forum.nos.pt\/members\/rui-miguel-pereira-dias-51886\u0022 class=\u0022qa-profilepicture\u0022\u003E\n                            \u003Cdiv class=\u0022profilepicture\u0022\u003E\n                                                                    \u003Cdiv class=\u0022default-avatar avatar-variant-6\u0022\u003E\n                                        R\n                                    \u003C\/div\u003E\n                                                            \u003C\/div\u003E\n                                                    \u003C\/a\u003E\n                    \u003C\/div\u003E\n                \u003C\/div\u003E\n\n                \u003Cdiv class=\u0022user_data flag__body\u0022\u003E\n                    \u003Cdiv class=\u0022user_meta\u0022\u003E\n                                                                \u003Ca href=\u0022https:\/\/forum.nos.pt\/members\/rui-miguel-pereira-dias-51886\u0022 class=\u0022username link link--quiet qa-username\u0022 title=\u0022Rui Miguel Pereira Dias\u0022\u003E\n                    Rui Miguel Pereira Dias\n                \u003C\/a\u003E\n                \u003Cspan class=\u0022useraction\u0022\u003Epublicou um coment\u00e1rio\u003C\/span\u003E\n            \n        \n                        \u003Cspan class=\u0022text--meta\u0022\u003E\n                            \n\n\n\u003Ctime class=\u0022  qa-latest-post-time\u0022 datetime=\u00222022-02-03\u0022\u003E\n    4 anos atr\u00e1s\n\u003C\/time\u003E\n\n                        \u003C\/span\u003E\n                    \u003C\/div\u003E\n\n                                \u003Ch4\u003E\n                \u003Ca class=\u0022link--header thread-list-block__title\u0022 href=\u0022https:\/\/forum.nos.pt\/questions\/10807\/replies\/104067\u0022\u003E\n                    bilhete anual sporttv\n                \u003C\/a\u003E\n            \u003C\/h4\u003E\n             \u003Ca class=\u0022link link--underline\u0022 href=\u0022https:\/\/forum.nos.pt\/questions\/10807\/replies\/104067\u0022\u003E\n                 Ver coment\u00e1rio\n             \u003C\/a\u003E\n        \n                \u003C\/div\u003E\n            \u003C\/div\u003E\n        \u003C\/div\u003E\n\n    \u003C\/div\u003E\n\n\n    \n        \n        \n    \n\n    \n\n    \n\n    \u003Cdiv class=\u0022table__row qa-activities-row\u0022\u003E\n\n        \u003Cdiv class=\u0022table__cell\u0022\u003E\n            \u003Cdiv class=\u0022user flag flag--top\u0022\u003E\n                \u003Cdiv class=\u0022flag__image\u0022\u003E\n                    \u003Cdiv class=\u0022avatar avatar--L\u0022\u003E\n                        \u003Ca href=\u0022https:\/\/forum.nos.pt\/members\/rui-miguel-pereira-dias-51886\u0022 class=\u0022qa-profilepicture\u0022\u003E\n                            \u003Cdiv class=\u0022profilepicture\u0022\u003E\n                                                                    \u003Cdiv class=\u0022default-avatar avatar-variant-6\u0022\u003E\n                                        R\n                                    \u003C\/div\u003E\n                                                            \u003C\/div\u003E\n                                                    \u003C\/a\u003E\n                    \u003C\/div\u003E\n                \u003C\/div\u003E\n\n                \u003Cdiv class=\u0022user_data flag__body\u0022\u003E\n                    \u003Cdiv class=\u0022user_meta\u0022\u003E\n                                                                \u003Ca href=\u0022https:\/\/forum.nos.pt\/members\/rui-miguel-pereira-dias-51886\u0022 class=\u0022username link link--quiet qa-username\u0022 title=\u0022Rui Miguel Pereira Dias\u0022\u003E\n                    Rui Miguel Pereira Dias\n                \u003C\/a\u003E\n                \u003Cspan class=\u0022useraction\u0022\u003Epublicou um coment\u00e1rio\u003C\/span\u003E\n            \n        \n                        \u003Cspan class=\u0022text--meta\u0022\u003E\n                            \n\n\n\u003Ctime class=\u0022  qa-latest-post-time\u0022 datetime=\u00222022-02-03\u0022\u003E\n    4 anos atr\u00e1s\n\u003C\/time\u003E\n\n                        \u003C\/span\u003E\n                    \u003C\/div\u003E\n\n                                \u003Ch4\u003E\n                \u003Ca class=\u0022link--header thread-list-block__title\u0022 href=\u0022https:\/\/forum.nos.pt\/questions\/10807\/replies\/104062\u0022\u003E\n                    bilhete anual sporttv\n                \u003C\/a\u003E\n            \u003C\/h4\u003E\n             \u003Ca class=\u0022link link--underline\u0022 href=\u0022https:\/\/forum.nos.pt\/questions\/10807\/replies\/104062\u0022\u003E\n                 Ver coment\u00e1rio\n             \u003C\/a\u003E\n        \n                \u003C\/div\u003E\n            \u003C\/div\u003E\n        \u003C\/div\u003E\n\n    \u003C\/div\u003E\n\n\n    \n        \n        \n    \n\n    \n\n    \n\n    \u003Cdiv class=\u0022table__row qa-activities-row\u0022\u003E\n\n        \u003Cdiv class=\u0022table__cell\u0022\u003E\n            \u003Cdiv class=\u0022user flag flag--top\u0022\u003E\n                \u003Cdiv class=\u0022flag__image\u0022\u003E\n                    \u003Cdiv class=\u0022avatar avatar--L\u0022\u003E\n                        \u003Ca href=\u0022https:\/\/forum.nos.pt\/members\/rui-miguel-pereira-dias-51886\u0022 class=\u0022qa-profilepicture\u0022\u003E\n                            \u003Cdiv class=\u0022profilepicture\u0022\u003E\n                                                                    \u003Cdiv class=\u0022default-avatar avatar-variant-6\u0022\u003E\n                                        R\n                                    \u003C\/div\u003E\n                                                            \u003C\/div\u003E\n                                                    \u003C\/a\u003E\n                    \u003C\/div\u003E\n                \u003C\/div\u003E\n\n                \u003Cdiv class=\u0022user_data flag__body\u0022\u003E\n                    \u003Cdiv class=\u0022user_meta\u0022\u003E\n                                                                \u003Ca href=\u0022https:\/\/forum.nos.pt\/members\/rui-miguel-pereira-dias-51886\u0022 class=\u0022username link link--quiet qa-username\u0022 title=\u0022Rui Miguel Pereira Dias\u0022\u003E\n                    Rui Miguel Pereira Dias\n                \u003C\/a\u003E\n                \u003Cspan class=\u0022useraction\u0022\u003Epublicou um coment\u00e1rio\u003C\/span\u003E\n            \n        \n                        \u003Cspan class=\u0022text--meta\u0022\u003E\n                            \n\n\n\u003Ctime class=\u0022  qa-latest-post-time\u0022 datetime=\u00222022-02-03\u0022\u003E\n    4 anos atr\u00e1s\n\u003C\/time\u003E\n\n                        \u003C\/span\u003E\n                    \u003C\/div\u003E\n\n                                \u003Ch4\u003E\n                \u003Ca class=\u0022link--header thread-list-block__title\u0022 href=\u0022https:\/\/forum.nos.pt\/questions\/10807\/replies\/104046\u0022\u003E\n                    bilhete anual sporttv\n                \u003C\/a\u003E\n            \u003C\/h4\u003E\n             \u003Ca class=\u0022link link--underline\u0022 href=\u0022https:\/\/forum.nos.pt\/questions\/10807\/replies\/104046\u0022\u003E\n                 Ver coment\u00e1rio\n             \u003C\/a\u003E\n        \n                \u003C\/div\u003E\n            \u003C\/div\u003E\n        \u003C\/div\u003E\n\n    \u003C\/div\u003E\n\n\n    \n        \n        \n    \n\n    \n\n    \n\n    \u003Cdiv class=\u0022table__row qa-activities-row\u0022\u003E\n\n        \u003Cdiv class=\u0022table__cell\u0022\u003E\n            \u003Cdiv class=\u0022user flag flag--top\u0022\u003E\n                \u003Cdiv class=\u0022flag__image\u0022\u003E\n                    \u003Cdiv class=\u0022avatar avatar--L\u0022\u003E\n                        \u003Ca href=\u0022https:\/\/forum.nos.pt\/members\/rui-miguel-pereira-dias-51886\u0022 class=\u0022qa-profilepicture\u0022\u003E\n                            \u003Cdiv class=\u0022profilepicture\u0022\u003E\n                                                                    \u003Cdiv class=\u0022default-avatar avatar-variant-6\u0022\u003E\n                                        R\n                                    \u003C\/div\u003E\n                                                            \u003C\/div\u003E\n                                                    \u003C\/a\u003E\n                    \u003C\/div\u003E\n                \u003C\/div\u003E\n\n                \u003Cdiv class=\u0022user_data flag__body\u0022\u003E\n                    \u003Cdiv class=\u0022user_meta\u0022\u003E\n                                                                \u003Ca href=\u0022https:\/\/forum.nos.pt\/members\/rui-miguel-pereira-dias-51886\u0022 class=\u0022username link link--quiet qa-username\u0022 title=\u0022Rui Miguel Pereira Dias\u0022\u003E\n                    Rui Miguel Pereira Dias\n                \u003C\/a\u003E\n                \u003Cspan class=\u0022useraction\u0022\u003Epublicou um coment\u00e1rio\u003C\/span\u003E\n            \n        \n                        \u003Cspan class=\u0022text--meta\u0022\u003E\n                            \n\n\n\u003Ctime class=\u0022  qa-latest-post-time\u0022 datetime=\u00222022-02-03\u0022\u003E\n    4 anos atr\u00e1s\n\u003C\/time\u003E\n\n                        \u003C\/span\u003E\n                    \u003C\/div\u003E\n\n                                \u003Ch4\u003E\n                \u003Ca class=\u0022link--header thread-list-block__title\u0022 href=\u0022https:\/\/forum.nos.pt\/questions\/10807\/replies\/104043\u0022\u003E\n                    bilhete anual sporttv\n                \u003C\/a\u003E\n            \u003C\/h4\u003E\n             \u003Ca class=\u0022link link--underline\u0022 href=\u0022https:\/\/forum.nos.pt\/questions\/10807\/replies\/104043\u0022\u003E\n                 Ver coment\u00e1rio\n             \u003C\/a\u003E\n        \n                \u003C\/div\u003E\n            \u003C\/div\u003E\n        \u003C\/div\u003E\n\n    \u003C\/div\u003E\n\n\n    \n        \n        \n    \n\n    \n\n    \n\n    \u003Cdiv class=\u0022table__row qa-activities-row\u0022\u003E\n\n        \u003Cdiv class=\u0022table__cell\u0022\u003E\n            \u003Cdiv class=\u0022user flag flag--top\u0022\u003E\n                \u003Cdiv class=\u0022flag__image\u0022\u003E\n                    \u003Cdiv class=\u0022avatar avatar--L\u0022\u003E\n                        \u003Ca href=\u0022https:\/\/forum.nos.pt\/members\/rui-miguel-pereira-dias-51886\u0022 class=\u0022qa-profilepicture\u0022\u003E\n                            \u003Cdiv class=\u0022profilepicture\u0022\u003E\n                                                                    \u003Cdiv class=\u0022default-avatar avatar-variant-6\u0022\u003E\n                                        R\n                                    \u003C\/div\u003E\n                                                            \u003C\/div\u003E\n                                                    \u003C\/a\u003E\n                    \u003C\/div\u003E\n                \u003C\/div\u003E\n\n                \u003Cdiv class=\u0022user_data flag__body\u0022\u003E\n                    \u003Cdiv class=\u0022user_meta\u0022\u003E\n                                                                \u003Ca href=\u0022https:\/\/forum.nos.pt\/members\/rui-miguel-pereira-dias-51886\u0022 class=\u0022username link link--quiet qa-username\u0022 title=\u0022Rui Miguel Pereira Dias\u0022\u003E\n                    Rui Miguel Pereira Dias\n                \u003C\/a\u003E\n                \u003Cspan class=\u0022useraction\u0022\u003Epublicou um coment\u00e1rio\u003C\/span\u003E\n            \n        \n                        \u003Cspan class=\u0022text--meta\u0022\u003E\n                            \n\n\n\u003Ctime class=\u0022  qa-latest-post-time\u0022 datetime=\u00222022-02-02\u0022\u003E\n    4 anos atr\u00e1s\n\u003C\/time\u003E\n\n                        \u003C\/span\u003E\n                    \u003C\/div\u003E\n\n                                \u003Ch4\u003E\n                \u003Ca class=\u0022link--header thread-list-block__title\u0022 href=\u0022https:\/\/forum.nos.pt\/questions\/10807\/replies\/103988\u0022\u003E\n                    bilhete anual sporttv\n                \u003C\/a\u003E\n            \u003C\/h4\u003E\n             \u003Ca class=\u0022link link--underline\u0022 href=\u0022https:\/\/forum.nos.pt\/questions\/10807\/replies\/103988\u0022\u003E\n                 Ver coment\u00e1rio\n             \u003C\/a\u003E\n        \n                \u003C\/div\u003E\n            \u003C\/div\u003E\n        \u003C\/div\u003E\n\n    \u003C\/div\u003E\n\n\n"}