{"totalCount":7,"payload":"\n    \n        \n        \n    \n\n    \n\n    \n\n    \u003Cdiv class=\u0022table__row qa-activities-row\u0022\u003E\n\n        \u003Cdiv class=\u0022table__cell\u0022\u003E\n            \u003Cdiv class=\u0022user flag flag--top\u0022\u003E\n                \u003Cdiv class=\u0022flag__image\u0022\u003E\n                    \u003Cdiv class=\u0022avatar avatar--L\u0022\u003E\n                        \u003Ca href=\u0022https:\/\/forum.nos.pt\/members\/antonio-carlos-16647\u0022 class=\u0022qa-profilepicture\u0022\u003E\n                            \u003Cdiv class=\u0022profilepicture\u0022\u003E\n                                                                    \u003Cdiv class=\u0022default-avatar avatar-variant-7\u0022\u003E\n                                        A\n                                    \u003C\/div\u003E\n                                                            \u003C\/div\u003E\n                                                    \u003C\/a\u003E\n                    \u003C\/div\u003E\n                \u003C\/div\u003E\n\n                \u003Cdiv class=\u0022user_data flag__body\u0022\u003E\n                    \u003Cdiv class=\u0022user_meta\u0022\u003E\n                                                                \u003Ca href=\u0022https:\/\/forum.nos.pt\/members\/antonio-carlos-16647\u0022 class=\u0022username link link--quiet qa-username\u0022 title=\u0022Antonio Carlos\u0022\u003E\n                    Antonio Carlos\n                \u003C\/a\u003E\n                \u003Cspan class=\u0022useraction\u0022\u003Epublicou um coment\u00e1rio\u003C\/span\u003E\n            \n        \n                        \u003Cspan class=\u0022text--meta\u0022\u003E\n                            \n\n\n\u003Ctime class=\u0022  qa-latest-post-time\u0022 datetime=\u00222022-09-01\u0022\u003E\n    3 anos atr\u00e1s\n\u003C\/time\u003E\n\n                        \u003C\/span\u003E\n                    \u003C\/div\u003E\n\n                                \u003Ch4\u003E\n                \u003Ca class=\u0022link--header thread-list-block__title\u0022 href=\u0022https:\/\/forum.nos.pt\/questions\/4659\/replies\/117928\u0022\u003E\n                    Envio de factura para o email\n                \u003C\/a\u003E\n            \u003C\/h4\u003E\n             \u003Ca class=\u0022link link--underline\u0022 href=\u0022https:\/\/forum.nos.pt\/questions\/4659\/replies\/117928\u0022\u003E\n                 Ver coment\u00e1rio\n             \u003C\/a\u003E\n        \n                \u003C\/div\u003E\n            \u003C\/div\u003E\n        \u003C\/div\u003E\n\n    \u003C\/div\u003E\n\n\n    \n\n    \n        \n        \n    \n\n    \n\n    \u003Cdiv class=\u0022table__row qa-activities-row\u0022\u003E\n\n        \u003Cdiv class=\u0022table__cell\u0022\u003E\n            \u003Cdiv class=\u0022user flag flag--top\u0022\u003E\n                \u003Cdiv class=\u0022flag__image\u0022\u003E\n                    \u003Cdiv class=\u0022avatar avatar--L\u0022\u003E\n                        \u003Ca href=\u0022https:\/\/forum.nos.pt\/members\/antonio-carlos-16647\u0022 class=\u0022qa-profilepicture\u0022\u003E\n                            \u003Cdiv class=\u0022profilepicture\u0022\u003E\n                                                                    \u003Cdiv class=\u0022default-avatar avatar-variant-7\u0022\u003E\n                                        A\n                                    \u003C\/div\u003E\n                                                            \u003C\/div\u003E\n                                                    \u003C\/a\u003E\n                    \u003C\/div\u003E\n                \u003C\/div\u003E\n\n                \u003Cdiv class=\u0022user_data flag__body\u0022\u003E\n                    \u003Cdiv class=\u0022user_meta\u0022\u003E\n                                                                \u003Ca href=\u0022https:\/\/forum.nos.pt\/members\/antonio-carlos-16647\u0022 class=\u0022username link link--quiet qa-username\u0022 title=\u0022Antonio Carlos\u0022\u003E\n                    Antonio Carlos\n                \u003C\/a\u003E\n              \u003Cspan class=\u0022useraction\u0022\u003Einiciou um t\u00f3pico com o t\u00edtulo\u003C\/span\u003E\n            \n        \n                        \u003Cspan class=\u0022text--meta\u0022\u003E\n                            \n\n\n\u003Ctime class=\u0022  qa-latest-post-time\u0022 datetime=\u00222021-11-29\u0022\u003E\n    4 anos atr\u00e1s\n\u003C\/time\u003E\n\n                        \u003C\/span\u003E\n                    \u003C\/div\u003E\n\n                                \u003Ch4\u003E\n                \u003Ca class=\u0022link--header thread-list-block__title\u0022 href=\u0022https:\/\/forum.nos.pt\/questions\/16595\u0022\u003E\n                                            \u003Cspan title=\u0022Pergunta\u0022 class=\u0022icon icon--round icon--replace icon--question text--star qa-icon-question\u0022\u003EPergunta\u003C\/span\u003E\n                                        N\u00famero de telem\u00f3vel excluido por engano do meu Pacote NOS.\n                \u003C\/a\u003E\n            \u003C\/h4\u003E\n        \n                \u003C\/div\u003E\n            \u003C\/div\u003E\n        \u003C\/div\u003E\n\n    \u003C\/div\u003E\n\n\n    \n        \n        \n    \n\n    \n\n    \n\n    \u003Cdiv class=\u0022table__row qa-activities-row\u0022\u003E\n\n        \u003Cdiv class=\u0022table__cell\u0022\u003E\n            \u003Cdiv class=\u0022user flag flag--top\u0022\u003E\n                \u003Cdiv class=\u0022flag__image\u0022\u003E\n                    \u003Cdiv class=\u0022avatar avatar--L\u0022\u003E\n                        \u003Ca href=\u0022https:\/\/forum.nos.pt\/members\/antonio-carlos-16647\u0022 class=\u0022qa-profilepicture\u0022\u003E\n                            \u003Cdiv class=\u0022profilepicture\u0022\u003E\n                                                                    \u003Cdiv class=\u0022default-avatar avatar-variant-7\u0022\u003E\n                                        A\n                                    \u003C\/div\u003E\n                                                            \u003C\/div\u003E\n                                                    \u003C\/a\u003E\n                    \u003C\/div\u003E\n                \u003C\/div\u003E\n\n                \u003Cdiv class=\u0022user_data flag__body\u0022\u003E\n                    \u003Cdiv class=\u0022user_meta\u0022\u003E\n                                                                \u003Ca href=\u0022https:\/\/forum.nos.pt\/members\/antonio-carlos-16647\u0022 class=\u0022username link link--quiet qa-username\u0022 title=\u0022Antonio Carlos\u0022\u003E\n                    Antonio Carlos\n                \u003C\/a\u003E\n                \u003Cspan class=\u0022useraction\u0022\u003Epublicou um coment\u00e1rio\u003C\/span\u003E\n            \n        \n                        \u003Cspan class=\u0022text--meta\u0022\u003E\n                            \n\n\n\u003Ctime class=\u0022  qa-latest-post-time\u0022 datetime=\u00222020-03-22\u0022\u003E\n    6 anos atr\u00e1s\n\u003C\/time\u003E\n\n                        \u003C\/span\u003E\n                    \u003C\/div\u003E\n\n                                \u003Ch4\u003E\n                \u003Ca class=\u0022link--header thread-list-block__title\u0022 href=\u0022https:\/\/forum.nos.pt\/questions\/469\/replies\/40910\u0022\u003E\n                    Campanhas de promo\u00e7\u00e3o falsas ou falta de comunica\u00e7\u00e3o entre departamentos?\n                \u003C\/a\u003E\n            \u003C\/h4\u003E\n             \u003Ca class=\u0022link link--underline\u0022 href=\u0022https:\/\/forum.nos.pt\/questions\/469\/replies\/40910\u0022\u003E\n                 Ver coment\u00e1rio\n             \u003C\/a\u003E\n        \n                \u003C\/div\u003E\n            \u003C\/div\u003E\n        \u003C\/div\u003E\n\n    \u003C\/div\u003E\n\n\n    \n        \n        \n    \n\n    \n\n    \n\n    \u003Cdiv class=\u0022table__row qa-activities-row\u0022\u003E\n\n        \u003Cdiv class=\u0022table__cell\u0022\u003E\n            \u003Cdiv class=\u0022user flag flag--top\u0022\u003E\n                \u003Cdiv class=\u0022flag__image\u0022\u003E\n                    \u003Cdiv class=\u0022avatar avatar--L\u0022\u003E\n                        \u003Ca href=\u0022https:\/\/forum.nos.pt\/members\/antonio-carlos-16647\u0022 class=\u0022qa-profilepicture\u0022\u003E\n                            \u003Cdiv class=\u0022profilepicture\u0022\u003E\n                                                                    \u003Cdiv class=\u0022default-avatar avatar-variant-7\u0022\u003E\n                                        A\n                                    \u003C\/div\u003E\n                                                            \u003C\/div\u003E\n                                                    \u003C\/a\u003E\n                    \u003C\/div\u003E\n                \u003C\/div\u003E\n\n                \u003Cdiv class=\u0022user_data flag__body\u0022\u003E\n                    \u003Cdiv class=\u0022user_meta\u0022\u003E\n                                                                \u003Ca href=\u0022https:\/\/forum.nos.pt\/members\/antonio-carlos-16647\u0022 class=\u0022username link link--quiet qa-username\u0022 title=\u0022Antonio Carlos\u0022\u003E\n                    Antonio Carlos\n                \u003C\/a\u003E\n                \u003Cspan class=\u0022useraction\u0022\u003Epublicou um coment\u00e1rio\u003C\/span\u003E\n            \n        \n                        \u003Cspan class=\u0022text--meta\u0022\u003E\n                            \n\n\n\u003Ctime class=\u0022  qa-latest-post-time\u0022 datetime=\u00222020-03-22\u0022\u003E\n    6 anos atr\u00e1s\n\u003C\/time\u003E\n\n                        \u003C\/span\u003E\n                    \u003C\/div\u003E\n\n                                \u003Ch4\u003E\n                \u003Ca class=\u0022link--header thread-list-block__title\u0022 href=\u0022https:\/\/forum.nos.pt\/questions\/469\/replies\/40901\u0022\u003E\n                    Campanhas de promo\u00e7\u00e3o falsas ou falta de comunica\u00e7\u00e3o entre departamentos?\n                \u003C\/a\u003E\n            \u003C\/h4\u003E\n             \u003Ca class=\u0022link link--underline\u0022 href=\u0022https:\/\/forum.nos.pt\/questions\/469\/replies\/40901\u0022\u003E\n                 Ver coment\u00e1rio\n             \u003C\/a\u003E\n        \n                \u003C\/div\u003E\n            \u003C\/div\u003E\n        \u003C\/div\u003E\n\n    \u003C\/div\u003E\n\n\n    \n        \n        \n    \n\n    \n\n    \n\n    \u003Cdiv class=\u0022table__row qa-activities-row\u0022\u003E\n\n        \u003Cdiv class=\u0022table__cell\u0022\u003E\n            \u003Cdiv class=\u0022user flag flag--top\u0022\u003E\n                \u003Cdiv class=\u0022flag__image\u0022\u003E\n                    \u003Cdiv class=\u0022avatar avatar--L\u0022\u003E\n                        \u003Ca href=\u0022https:\/\/forum.nos.pt\/members\/antonio-carlos-16647\u0022 class=\u0022qa-profilepicture\u0022\u003E\n                            \u003Cdiv class=\u0022profilepicture\u0022\u003E\n                                                                    \u003Cdiv class=\u0022default-avatar avatar-variant-7\u0022\u003E\n                                        A\n                                    \u003C\/div\u003E\n                                                            \u003C\/div\u003E\n                                                    \u003C\/a\u003E\n                    \u003C\/div\u003E\n                \u003C\/div\u003E\n\n                \u003Cdiv class=\u0022user_data flag__body\u0022\u003E\n                    \u003Cdiv class=\u0022user_meta\u0022\u003E\n                                                                \u003Ca href=\u0022https:\/\/forum.nos.pt\/members\/antonio-carlos-16647\u0022 class=\u0022username link link--quiet qa-username\u0022 title=\u0022Antonio Carlos\u0022\u003E\n                    Antonio Carlos\n                \u003C\/a\u003E\n                \u003Cspan class=\u0022useraction\u0022\u003Epublicou um coment\u00e1rio\u003C\/span\u003E\n            \n        \n                        \u003Cspan class=\u0022text--meta\u0022\u003E\n                            \n\n\n\u003Ctime class=\u0022  qa-latest-post-time\u0022 datetime=\u00222020-03-22\u0022\u003E\n    6 anos atr\u00e1s\n\u003C\/time\u003E\n\n                        \u003C\/span\u003E\n                    \u003C\/div\u003E\n\n                                \u003Ch4\u003E\n                \u003Ca class=\u0022link--header thread-list-block__title\u0022 href=\u0022https:\/\/forum.nos.pt\/questions\/469\/replies\/40893\u0022\u003E\n                    Campanhas de promo\u00e7\u00e3o falsas ou falta de comunica\u00e7\u00e3o entre departamentos?\n                \u003C\/a\u003E\n            \u003C\/h4\u003E\n             \u003Ca class=\u0022link link--underline\u0022 href=\u0022https:\/\/forum.nos.pt\/questions\/469\/replies\/40893\u0022\u003E\n                 Ver coment\u00e1rio\n             \u003C\/a\u003E\n        \n                \u003C\/div\u003E\n            \u003C\/div\u003E\n        \u003C\/div\u003E\n\n    \u003C\/div\u003E\n\n\n    \n        \n        \n    \n\n    \n\n    \n\n    \u003Cdiv class=\u0022table__row qa-activities-row\u0022\u003E\n\n        \u003Cdiv class=\u0022table__cell\u0022\u003E\n            \u003Cdiv class=\u0022user flag flag--top\u0022\u003E\n                \u003Cdiv class=\u0022flag__image\u0022\u003E\n                    \u003Cdiv class=\u0022avatar avatar--L\u0022\u003E\n                        \u003Ca href=\u0022https:\/\/forum.nos.pt\/members\/antonio-carlos-16647\u0022 class=\u0022qa-profilepicture\u0022\u003E\n                            \u003Cdiv class=\u0022profilepicture\u0022\u003E\n                                                                    \u003Cdiv class=\u0022default-avatar avatar-variant-7\u0022\u003E\n                                        A\n                                    \u003C\/div\u003E\n                                                            \u003C\/div\u003E\n                                                    \u003C\/a\u003E\n                    \u003C\/div\u003E\n                \u003C\/div\u003E\n\n                \u003Cdiv class=\u0022user_data flag__body\u0022\u003E\n                    \u003Cdiv class=\u0022user_meta\u0022\u003E\n                                                                \u003Ca href=\u0022https:\/\/forum.nos.pt\/members\/antonio-carlos-16647\u0022 class=\u0022username link link--quiet qa-username\u0022 title=\u0022Antonio Carlos\u0022\u003E\n                    Antonio Carlos\n                \u003C\/a\u003E\n                \u003Cspan class=\u0022useraction\u0022\u003Epublicou um coment\u00e1rio\u003C\/span\u003E\n            \n        \n                        \u003Cspan class=\u0022text--meta\u0022\u003E\n                            \n\n\n\u003Ctime class=\u0022  qa-latest-post-time\u0022 datetime=\u00222018-01-09\u0022\u003E\n    8 anos atr\u00e1s\n\u003C\/time\u003E\n\n                        \u003C\/span\u003E\n                    \u003C\/div\u003E\n\n                                \u003Ch4\u003E\n                \u003Ca class=\u0022link--header thread-list-block__title\u0022 href=\u0022https:\/\/forum.nos.pt\/conversations\/1039\/replies\/13387\u0022\u003E\n                    [Descontinuado] A sua televis\u00e3o vai mudar - Nova grelha digital\n                \u003C\/a\u003E\n            \u003C\/h4\u003E\n             \u003Ca class=\u0022link link--underline\u0022 href=\u0022https:\/\/forum.nos.pt\/conversations\/1039\/replies\/13387\u0022\u003E\n                 Ver coment\u00e1rio\n             \u003C\/a\u003E\n        \n                \u003C\/div\u003E\n            \u003C\/div\u003E\n        \u003C\/div\u003E\n\n    \u003C\/div\u003E\n\n\n    \n        \n        \n    \n\n    \n\n    \n\n    \u003Cdiv class=\u0022table__row qa-activities-row\u0022\u003E\n\n        \u003Cdiv class=\u0022table__cell\u0022\u003E\n            \u003Cdiv class=\u0022user flag flag--top\u0022\u003E\n                \u003Cdiv class=\u0022flag__image\u0022\u003E\n                    \u003Cdiv class=\u0022avatar avatar--L\u0022\u003E\n                        \u003Ca href=\u0022https:\/\/forum.nos.pt\/members\/antonio-carlos-16647\u0022 class=\u0022qa-profilepicture\u0022\u003E\n                            \u003Cdiv class=\u0022profilepicture\u0022\u003E\n                                                                    \u003Cdiv class=\u0022default-avatar avatar-variant-7\u0022\u003E\n                                        A\n                                    \u003C\/div\u003E\n                                                            \u003C\/div\u003E\n                                                    \u003C\/a\u003E\n                    \u003C\/div\u003E\n                \u003C\/div\u003E\n\n                \u003Cdiv class=\u0022user_data flag__body\u0022\u003E\n                    \u003Cdiv class=\u0022user_meta\u0022\u003E\n                                                                \u003Ca href=\u0022https:\/\/forum.nos.pt\/members\/antonio-carlos-16647\u0022 class=\u0022username link link--quiet qa-username\u0022 title=\u0022Antonio Carlos\u0022\u003E\n                    Antonio Carlos\n                \u003C\/a\u003E\n                \u003Cspan class=\u0022useraction\u0022\u003Epublicou um coment\u00e1rio\u003C\/span\u003E\n            \n        \n                        \u003Cspan class=\u0022text--meta\u0022\u003E\n                            \n\n\n\u003Ctime class=\u0022  qa-latest-post-time\u0022 datetime=\u00222017-12-26\u0022\u003E\n    8 anos atr\u00e1s\n\u003C\/time\u003E\n\n                        \u003C\/span\u003E\n                    \u003C\/div\u003E\n\n                                \u003Ch4\u003E\n                \u003Ca class=\u0022link--header thread-list-block__title\u0022 href=\u0022https:\/\/forum.nos.pt\/conversations\/1039\/replies\/13386\u0022\u003E\n                    [Descontinuado] A sua televis\u00e3o vai mudar - Nova grelha digital\n                \u003C\/a\u003E\n            \u003C\/h4\u003E\n             \u003Ca class=\u0022link link--underline\u0022 href=\u0022https:\/\/forum.nos.pt\/conversations\/1039\/replies\/13386\u0022\u003E\n                 Ver coment\u00e1rio\n             \u003C\/a\u003E\n        \n                \u003C\/div\u003E\n            \u003C\/div\u003E\n        \u003C\/div\u003E\n\n    \u003C\/div\u003E\n\n\n"}