{"totalCount":9,"payload":"\n    \n        \n        \n    \n\n    \n\n    \n\n    \u003Cdiv class=\u0022table__row qa-activities-row\u0022\u003E\n\n        \u003Cdiv class=\u0022table__cell\u0022\u003E\n            \u003Cdiv class=\u0022user flag flag--top\u0022\u003E\n                \u003Cdiv class=\u0022flag__image\u0022\u003E\n                    \u003Cdiv class=\u0022avatar avatar--L\u0022\u003E\n                        \u003Ca href=\u0022https:\/\/forum.nos.pt\/members\/carlos-antonio-c-dias-machado-111752\u0022 class=\u0022qa-profilepicture\u0022\u003E\n                            \u003Cdiv class=\u0022profilepicture\u0022\u003E\n                                                                    \u003Cdiv class=\u0022default-avatar avatar-variant-2\u0022\u003E\n                                        C\n                                    \u003C\/div\u003E\n                                                            \u003C\/div\u003E\n                                                    \u003C\/a\u003E\n                    \u003C\/div\u003E\n                \u003C\/div\u003E\n\n                \u003Cdiv class=\u0022user_data flag__body\u0022\u003E\n                    \u003Cdiv class=\u0022user_meta\u0022\u003E\n                                                                \u003Ca href=\u0022https:\/\/forum.nos.pt\/members\/carlos-antonio-c-dias-machado-111752\u0022 class=\u0022username link link--quiet qa-username\u0022 title=\u0022CARLOS ANT\u00d3NIO C DIAS MACHADO\u0022\u003E\n                    CARLOS ANT\u00d3NIO C DIAS MACHADO\n                \u003C\/a\u003E\n                \u003Cspan class=\u0022useraction\u0022\u003Epublicou um coment\u00e1rio\u003C\/span\u003E\n            \n        \n                        \u003Cspan class=\u0022text--meta\u0022\u003E\n                            \n\n\n\u003Ctime class=\u0022  qa-latest-post-time\u0022 datetime=\u00222025-01-09\u0022\u003E\n    1 ano atr\u00e1s\n\u003C\/time\u003E\n\n                        \u003C\/span\u003E\n                    \u003C\/div\u003E\n\n                                \u003Ch4\u003E\n                \u003Ca class=\u0022link--header thread-list-block__title\u0022 href=\u0022https:\/\/forum.nos.pt\/conversations\/12447\/replies\/100175\u0022\u003E\n                    C\u00e2mera de vigil\u00e2ncia interna . Internet NOS \u0026quot;inst\u00e1vel\u0026quot;, e n\u00e3o funciona a C\u00e2mera.\n                \u003C\/a\u003E\n            \u003C\/h4\u003E\n             \u003Ca class=\u0022link link--underline\u0022 href=\u0022https:\/\/forum.nos.pt\/conversations\/12447\/replies\/100175\u0022\u003E\n                 Ver coment\u00e1rio\n             \u003C\/a\u003E\n        \n                \u003C\/div\u003E\n            \u003C\/div\u003E\n        \u003C\/div\u003E\n\n    \u003C\/div\u003E\n\n\n    \n        \n        \n    \n\n    \n\n    \n\n    \u003Cdiv class=\u0022table__row qa-activities-row\u0022\u003E\n\n        \u003Cdiv class=\u0022table__cell\u0022\u003E\n            \u003Cdiv class=\u0022user flag flag--top\u0022\u003E\n                \u003Cdiv class=\u0022flag__image\u0022\u003E\n                    \u003Cdiv class=\u0022avatar avatar--L\u0022\u003E\n                        \u003Ca href=\u0022https:\/\/forum.nos.pt\/members\/carlos-antonio-c-dias-machado-111752\u0022 class=\u0022qa-profilepicture\u0022\u003E\n                            \u003Cdiv class=\u0022profilepicture\u0022\u003E\n                                                                    \u003Cdiv class=\u0022default-avatar avatar-variant-2\u0022\u003E\n                                        C\n                                    \u003C\/div\u003E\n                                                            \u003C\/div\u003E\n                                                    \u003C\/a\u003E\n                    \u003C\/div\u003E\n                \u003C\/div\u003E\n\n                \u003Cdiv class=\u0022user_data flag__body\u0022\u003E\n                    \u003Cdiv class=\u0022user_meta\u0022\u003E\n                                                                \u003Ca href=\u0022https:\/\/forum.nos.pt\/members\/carlos-antonio-c-dias-machado-111752\u0022 class=\u0022username link link--quiet qa-username\u0022 title=\u0022CARLOS ANT\u00d3NIO C DIAS MACHADO\u0022\u003E\n                    CARLOS ANT\u00d3NIO C DIAS MACHADO\n                \u003C\/a\u003E\n                \u003Cspan class=\u0022useraction\u0022\u003Epublicou um coment\u00e1rio\u003C\/span\u003E\n            \n        \n                        \u003Cspan class=\u0022text--meta\u0022\u003E\n                            \n\n\n\u003Ctime class=\u0022  qa-latest-post-time\u0022 datetime=\u00222025-01-09\u0022\u003E\n    1 ano atr\u00e1s\n\u003C\/time\u003E\n\n                        \u003C\/span\u003E\n                    \u003C\/div\u003E\n\n                                \u003Ch4\u003E\n                \u003Ca class=\u0022link--header thread-list-block__title\u0022 href=\u0022https:\/\/forum.nos.pt\/conversations\/9991\/replies\/100159\u0022\u003E\n                    P\u00e9ssimo atendimento telef\u00f3nico, e maldoso - reclama\u00e7\u00e3o.\n                \u003C\/a\u003E\n            \u003C\/h4\u003E\n             \u003Ca class=\u0022link link--underline\u0022 href=\u0022https:\/\/forum.nos.pt\/conversations\/9991\/replies\/100159\u0022\u003E\n                 Ver coment\u00e1rio\n             \u003C\/a\u003E\n        \n                \u003C\/div\u003E\n            \u003C\/div\u003E\n        \u003C\/div\u003E\n\n    \u003C\/div\u003E\n\n\n    \n        \n        \n    \n\n    \n\n    \n\n    \u003Cdiv class=\u0022table__row qa-activities-row\u0022\u003E\n\n        \u003Cdiv class=\u0022table__cell\u0022\u003E\n            \u003Cdiv class=\u0022user flag flag--top\u0022\u003E\n                \u003Cdiv class=\u0022flag__image\u0022\u003E\n                    \u003Cdiv class=\u0022avatar avatar--L\u0022\u003E\n                        \u003Ca href=\u0022https:\/\/forum.nos.pt\/members\/carlos-antonio-c-dias-machado-111752\u0022 class=\u0022qa-profilepicture\u0022\u003E\n                            \u003Cdiv class=\u0022profilepicture\u0022\u003E\n                                                                    \u003Cdiv class=\u0022default-avatar avatar-variant-2\u0022\u003E\n                                        C\n                                    \u003C\/div\u003E\n                                                            \u003C\/div\u003E\n                                                    \u003C\/a\u003E\n                    \u003C\/div\u003E\n                \u003C\/div\u003E\n\n                \u003Cdiv class=\u0022user_data flag__body\u0022\u003E\n                    \u003Cdiv class=\u0022user_meta\u0022\u003E\n                                                                \u003Ca href=\u0022https:\/\/forum.nos.pt\/members\/carlos-antonio-c-dias-machado-111752\u0022 class=\u0022username link link--quiet qa-username\u0022 title=\u0022CARLOS ANT\u00d3NIO C DIAS MACHADO\u0022\u003E\n                    CARLOS ANT\u00d3NIO C DIAS MACHADO\n                \u003C\/a\u003E\n                \u003Cspan class=\u0022useraction\u0022\u003Epublicou um coment\u00e1rio\u003C\/span\u003E\n            \n        \n                        \u003Cspan class=\u0022text--meta\u0022\u003E\n                            \n\n\n\u003Ctime class=\u0022  qa-latest-post-time\u0022 datetime=\u00222025-01-08\u0022\u003E\n    1 ano atr\u00e1s\n\u003C\/time\u003E\n\n                        \u003C\/span\u003E\n                    \u003C\/div\u003E\n\n                                \u003Ch4\u003E\n                \u003Ca class=\u0022link--header thread-list-block__title\u0022 href=\u0022https:\/\/forum.nos.pt\/conversations\/12447\/replies\/100136\u0022\u003E\n                    C\u00e2mera de vigil\u00e2ncia interna . Internet NOS \u0026quot;inst\u00e1vel\u0026quot;, e n\u00e3o funciona a C\u00e2mera.\n                \u003C\/a\u003E\n            \u003C\/h4\u003E\n             \u003Ca class=\u0022link link--underline\u0022 href=\u0022https:\/\/forum.nos.pt\/conversations\/12447\/replies\/100136\u0022\u003E\n                 Ver coment\u00e1rio\n             \u003C\/a\u003E\n        \n                \u003C\/div\u003E\n            \u003C\/div\u003E\n        \u003C\/div\u003E\n\n    \u003C\/div\u003E\n\n\n    \n        \n        \n    \n\n    \n\n    \n\n    \u003Cdiv class=\u0022table__row qa-activities-row\u0022\u003E\n\n        \u003Cdiv class=\u0022table__cell\u0022\u003E\n            \u003Cdiv class=\u0022user flag flag--top\u0022\u003E\n                \u003Cdiv class=\u0022flag__image\u0022\u003E\n                    \u003Cdiv class=\u0022avatar avatar--L\u0022\u003E\n                        \u003Ca href=\u0022https:\/\/forum.nos.pt\/members\/carlos-antonio-c-dias-machado-111752\u0022 class=\u0022qa-profilepicture\u0022\u003E\n                            \u003Cdiv class=\u0022profilepicture\u0022\u003E\n                                                                    \u003Cdiv class=\u0022default-avatar avatar-variant-2\u0022\u003E\n                                        C\n                                    \u003C\/div\u003E\n                                                            \u003C\/div\u003E\n                                                    \u003C\/a\u003E\n                    \u003C\/div\u003E\n                \u003C\/div\u003E\n\n                \u003Cdiv class=\u0022user_data flag__body\u0022\u003E\n                    \u003Cdiv class=\u0022user_meta\u0022\u003E\n                                                                \u003Ca href=\u0022https:\/\/forum.nos.pt\/members\/carlos-antonio-c-dias-machado-111752\u0022 class=\u0022username link link--quiet qa-username\u0022 title=\u0022CARLOS ANT\u00d3NIO C DIAS MACHADO\u0022\u003E\n                    CARLOS ANT\u00d3NIO C DIAS MACHADO\n                \u003C\/a\u003E\n                \u003Cspan class=\u0022useraction\u0022\u003Epublicou um coment\u00e1rio\u003C\/span\u003E\n            \n        \n                        \u003Cspan class=\u0022text--meta\u0022\u003E\n                            \n\n\n\u003Ctime class=\u0022  qa-latest-post-time\u0022 datetime=\u00222025-01-08\u0022\u003E\n    1 ano atr\u00e1s\n\u003C\/time\u003E\n\n                        \u003C\/span\u003E\n                    \u003C\/div\u003E\n\n                                \u003Ch4\u003E\n                \u003Ca class=\u0022link--header thread-list-block__title\u0022 href=\u0022https:\/\/forum.nos.pt\/conversations\/12447\/replies\/100121\u0022\u003E\n                    C\u00e2mera de vigil\u00e2ncia interna . Internet NOS \u0026quot;inst\u00e1vel\u0026quot;, e n\u00e3o funciona a C\u00e2mera.\n                \u003C\/a\u003E\n            \u003C\/h4\u003E\n             \u003Ca class=\u0022link link--underline\u0022 href=\u0022https:\/\/forum.nos.pt\/conversations\/12447\/replies\/100121\u0022\u003E\n                 Ver coment\u00e1rio\n             \u003C\/a\u003E\n        \n                \u003C\/div\u003E\n            \u003C\/div\u003E\n        \u003C\/div\u003E\n\n    \u003C\/div\u003E\n\n\n    \n        \n        \n    \n\n    \n\n    \n\n    \u003Cdiv class=\u0022table__row qa-activities-row\u0022\u003E\n\n        \u003Cdiv class=\u0022table__cell\u0022\u003E\n            \u003Cdiv class=\u0022user flag flag--top\u0022\u003E\n                \u003Cdiv class=\u0022flag__image\u0022\u003E\n                    \u003Cdiv class=\u0022avatar avatar--L\u0022\u003E\n                        \u003Ca href=\u0022https:\/\/forum.nos.pt\/members\/carlos-antonio-c-dias-machado-111752\u0022 class=\u0022qa-profilepicture\u0022\u003E\n                            \u003Cdiv class=\u0022profilepicture\u0022\u003E\n                                                                    \u003Cdiv class=\u0022default-avatar avatar-variant-2\u0022\u003E\n                                        C\n                                    \u003C\/div\u003E\n                                                            \u003C\/div\u003E\n                                                    \u003C\/a\u003E\n                    \u003C\/div\u003E\n                \u003C\/div\u003E\n\n                \u003Cdiv class=\u0022user_data flag__body\u0022\u003E\n                    \u003Cdiv class=\u0022user_meta\u0022\u003E\n                                                                \u003Ca href=\u0022https:\/\/forum.nos.pt\/members\/carlos-antonio-c-dias-machado-111752\u0022 class=\u0022username link link--quiet qa-username\u0022 title=\u0022CARLOS ANT\u00d3NIO C DIAS MACHADO\u0022\u003E\n                    CARLOS ANT\u00d3NIO C DIAS MACHADO\n                \u003C\/a\u003E\n                \u003Cspan class=\u0022useraction\u0022\u003Epublicou um coment\u00e1rio\u003C\/span\u003E\n            \n        \n                        \u003Cspan class=\u0022text--meta\u0022\u003E\n                            \n\n\n\u003Ctime class=\u0022  qa-latest-post-time\u0022 datetime=\u00222024-12-09\u0022\u003E\n    1 ano atr\u00e1s\n\u003C\/time\u003E\n\n                        \u003C\/span\u003E\n                    \u003C\/div\u003E\n\n                                \u003Ch4\u003E\n                \u003Ca class=\u0022link--header thread-list-block__title\u0022 href=\u0022https:\/\/forum.nos.pt\/conversations\/12447\/replies\/98698\u0022\u003E\n                    C\u00e2mera de vigil\u00e2ncia interna . Internet NOS \u0026quot;inst\u00e1vel\u0026quot;, e n\u00e3o funciona a C\u00e2mera.\n                \u003C\/a\u003E\n            \u003C\/h4\u003E\n             \u003Ca class=\u0022link link--underline\u0022 href=\u0022https:\/\/forum.nos.pt\/conversations\/12447\/replies\/98698\u0022\u003E\n                 Ver coment\u00e1rio\n             \u003C\/a\u003E\n        \n                \u003C\/div\u003E\n            \u003C\/div\u003E\n        \u003C\/div\u003E\n\n    \u003C\/div\u003E\n\n\n    \n        \n        \n    \n\n    \n\n    \n\n    \u003Cdiv class=\u0022table__row qa-activities-row\u0022\u003E\n\n        \u003Cdiv class=\u0022table__cell\u0022\u003E\n            \u003Cdiv class=\u0022user flag flag--top\u0022\u003E\n                \u003Cdiv class=\u0022flag__image\u0022\u003E\n                    \u003Cdiv class=\u0022avatar avatar--L\u0022\u003E\n                        \u003Ca href=\u0022https:\/\/forum.nos.pt\/members\/carlos-antonio-c-dias-machado-111752\u0022 class=\u0022qa-profilepicture\u0022\u003E\n                            \u003Cdiv class=\u0022profilepicture\u0022\u003E\n                                                                    \u003Cdiv class=\u0022default-avatar avatar-variant-2\u0022\u003E\n                                        C\n                                    \u003C\/div\u003E\n                                                            \u003C\/div\u003E\n                                                    \u003C\/a\u003E\n                    \u003C\/div\u003E\n                \u003C\/div\u003E\n\n                \u003Cdiv class=\u0022user_data flag__body\u0022\u003E\n                    \u003Cdiv class=\u0022user_meta\u0022\u003E\n                                                                \u003Ca href=\u0022https:\/\/forum.nos.pt\/members\/carlos-antonio-c-dias-machado-111752\u0022 class=\u0022username link link--quiet qa-username\u0022 title=\u0022CARLOS ANT\u00d3NIO C DIAS MACHADO\u0022\u003E\n                    CARLOS ANT\u00d3NIO C DIAS MACHADO\n                \u003C\/a\u003E\n                \u003Cspan class=\u0022useraction\u0022\u003Epublicou um coment\u00e1rio\u003C\/span\u003E\n            \n        \n                        \u003Cspan class=\u0022text--meta\u0022\u003E\n                            \n\n\n\u003Ctime class=\u0022  qa-latest-post-time\u0022 datetime=\u00222024-12-08\u0022\u003E\n    1 ano atr\u00e1s\n\u003C\/time\u003E\n\n                        \u003C\/span\u003E\n                    \u003C\/div\u003E\n\n                                \u003Ch4\u003E\n                \u003Ca class=\u0022link--header thread-list-block__title\u0022 href=\u0022https:\/\/forum.nos.pt\/conversations\/12447\/replies\/98688\u0022\u003E\n                    C\u00e2mera de vigil\u00e2ncia interna . Internet NOS \u0026quot;inst\u00e1vel\u0026quot;, e n\u00e3o funciona a C\u00e2mera.\n                \u003C\/a\u003E\n            \u003C\/h4\u003E\n             \u003Ca class=\u0022link link--underline\u0022 href=\u0022https:\/\/forum.nos.pt\/conversations\/12447\/replies\/98688\u0022\u003E\n                 Ver coment\u00e1rio\n             \u003C\/a\u003E\n        \n                \u003C\/div\u003E\n            \u003C\/div\u003E\n        \u003C\/div\u003E\n\n    \u003C\/div\u003E\n\n\n    \n        \n        \n    \n\n    \n\n    \n\n    \u003Cdiv class=\u0022table__row qa-activities-row\u0022\u003E\n\n        \u003Cdiv class=\u0022table__cell\u0022\u003E\n            \u003Cdiv class=\u0022user flag flag--top\u0022\u003E\n                \u003Cdiv class=\u0022flag__image\u0022\u003E\n                    \u003Cdiv class=\u0022avatar avatar--L\u0022\u003E\n                        \u003Ca href=\u0022https:\/\/forum.nos.pt\/members\/carlos-antonio-c-dias-machado-111752\u0022 class=\u0022qa-profilepicture\u0022\u003E\n                            \u003Cdiv class=\u0022profilepicture\u0022\u003E\n                                                                    \u003Cdiv class=\u0022default-avatar avatar-variant-2\u0022\u003E\n                                        C\n                                    \u003C\/div\u003E\n                                                            \u003C\/div\u003E\n                                                    \u003C\/a\u003E\n                    \u003C\/div\u003E\n                \u003C\/div\u003E\n\n                \u003Cdiv class=\u0022user_data flag__body\u0022\u003E\n                    \u003Cdiv class=\u0022user_meta\u0022\u003E\n                                                                \u003Ca href=\u0022https:\/\/forum.nos.pt\/members\/carlos-antonio-c-dias-machado-111752\u0022 class=\u0022username link link--quiet qa-username\u0022 title=\u0022CARLOS ANT\u00d3NIO C DIAS MACHADO\u0022\u003E\n                    CARLOS ANT\u00d3NIO C DIAS MACHADO\n                \u003C\/a\u003E\n                \u003Cspan class=\u0022useraction\u0022\u003Epublicou um coment\u00e1rio\u003C\/span\u003E\n            \n        \n                        \u003Cspan class=\u0022text--meta\u0022\u003E\n                            \n\n\n\u003Ctime class=\u0022  qa-latest-post-time\u0022 datetime=\u00222024-12-04\u0022\u003E\n    1 ano atr\u00e1s\n\u003C\/time\u003E\n\n                        \u003C\/span\u003E\n                    \u003C\/div\u003E\n\n                                \u003Ch4\u003E\n                \u003Ca class=\u0022link--header thread-list-block__title\u0022 href=\u0022https:\/\/forum.nos.pt\/conversations\/12447\/replies\/98185\u0022\u003E\n                    C\u00e2mera de vigil\u00e2ncia interna . Internet NOS \u0026quot;inst\u00e1vel\u0026quot;, e n\u00e3o funciona a C\u00e2mera.\n                \u003C\/a\u003E\n            \u003C\/h4\u003E\n             \u003Ca class=\u0022link link--underline\u0022 href=\u0022https:\/\/forum.nos.pt\/conversations\/12447\/replies\/98185\u0022\u003E\n                 Ver coment\u00e1rio\n             \u003C\/a\u003E\n        \n                \u003C\/div\u003E\n            \u003C\/div\u003E\n        \u003C\/div\u003E\n\n    \u003C\/div\u003E\n\n\n    \n\n    \n        \n        \n    \n\n    \n\n    \u003Cdiv class=\u0022table__row qa-activities-row\u0022\u003E\n\n        \u003Cdiv class=\u0022table__cell\u0022\u003E\n            \u003Cdiv class=\u0022user flag flag--top\u0022\u003E\n                \u003Cdiv class=\u0022flag__image\u0022\u003E\n                    \u003Cdiv class=\u0022avatar avatar--L\u0022\u003E\n                        \u003Ca href=\u0022https:\/\/forum.nos.pt\/members\/carlos-antonio-c-dias-machado-111752\u0022 class=\u0022qa-profilepicture\u0022\u003E\n                            \u003Cdiv class=\u0022profilepicture\u0022\u003E\n                                                                    \u003Cdiv class=\u0022default-avatar avatar-variant-2\u0022\u003E\n                                        C\n                                    \u003C\/div\u003E\n                                                            \u003C\/div\u003E\n                                                    \u003C\/a\u003E\n                    \u003C\/div\u003E\n                \u003C\/div\u003E\n\n                \u003Cdiv class=\u0022user_data flag__body\u0022\u003E\n                    \u003Cdiv class=\u0022user_meta\u0022\u003E\n                                                                \u003Ca href=\u0022https:\/\/forum.nos.pt\/members\/carlos-antonio-c-dias-machado-111752\u0022 class=\u0022username link link--quiet qa-username\u0022 title=\u0022CARLOS ANT\u00d3NIO C DIAS MACHADO\u0022\u003E\n                    CARLOS ANT\u00d3NIO C DIAS MACHADO\n                \u003C\/a\u003E\n              \u003Cspan class=\u0022useraction\u0022\u003Einiciou um t\u00f3pico com o t\u00edtulo\u003C\/span\u003E\n            \n        \n                        \u003Cspan class=\u0022text--meta\u0022\u003E\n                            \n\n\n\u003Ctime class=\u0022  qa-latest-post-time\u0022 datetime=\u00222024-12-04\u0022\u003E\n    1 ano atr\u00e1s\n\u003C\/time\u003E\n\n                        \u003C\/span\u003E\n                    \u003C\/div\u003E\n\n                                \u003Ch4\u003E\n                \u003Ca class=\u0022link--header thread-list-block__title\u0022 href=\u0022https:\/\/forum.nos.pt\/conversations\/12447\u0022\u003E\n                                        C\u00e2mera de vigil\u00e2ncia interna . Internet NOS \u0026quot;inst\u00e1vel\u0026quot;, e n\u00e3o funciona a C\u00e2mera.\n                \u003C\/a\u003E\n            \u003C\/h4\u003E\n        \n                \u003C\/div\u003E\n            \u003C\/div\u003E\n        \u003C\/div\u003E\n\n    \u003C\/div\u003E\n\n\n    \n\n    \n        \n        \n    \n\n    \n\n    \u003Cdiv class=\u0022table__row qa-activities-row\u0022\u003E\n\n        \u003Cdiv class=\u0022table__cell\u0022\u003E\n            \u003Cdiv class=\u0022user flag flag--top\u0022\u003E\n                \u003Cdiv class=\u0022flag__image\u0022\u003E\n                    \u003Cdiv class=\u0022avatar avatar--L\u0022\u003E\n                        \u003Ca href=\u0022https:\/\/forum.nos.pt\/members\/carlos-antonio-c-dias-machado-111752\u0022 class=\u0022qa-profilepicture\u0022\u003E\n                            \u003Cdiv class=\u0022profilepicture\u0022\u003E\n                                                                    \u003Cdiv class=\u0022default-avatar avatar-variant-2\u0022\u003E\n                                        C\n                                    \u003C\/div\u003E\n                                                            \u003C\/div\u003E\n                                                    \u003C\/a\u003E\n                    \u003C\/div\u003E\n                \u003C\/div\u003E\n\n                \u003Cdiv class=\u0022user_data flag__body\u0022\u003E\n                    \u003Cdiv class=\u0022user_meta\u0022\u003E\n                                                                \u003Ca href=\u0022https:\/\/forum.nos.pt\/members\/carlos-antonio-c-dias-machado-111752\u0022 class=\u0022username link link--quiet qa-username\u0022 title=\u0022CARLOS ANT\u00d3NIO C DIAS MACHADO\u0022\u003E\n                    CARLOS ANT\u00d3NIO C DIAS MACHADO\n                \u003C\/a\u003E\n              \u003Cspan class=\u0022useraction\u0022\u003Einiciou um t\u00f3pico com o t\u00edtulo\u003C\/span\u003E\n            \n        \n                        \u003Cspan class=\u0022text--meta\u0022\u003E\n                            \n\n\n\u003Ctime class=\u0022  qa-latest-post-time\u0022 datetime=\u00222023-09-02\u0022\u003E\n    2 anos atr\u00e1s\n\u003C\/time\u003E\n\n                        \u003C\/span\u003E\n                    \u003C\/div\u003E\n\n                                \u003Ch4\u003E\n                \u003Ca class=\u0022link--header thread-list-block__title\u0022 href=\u0022https:\/\/forum.nos.pt\/conversations\/9991\u0022\u003E\n                                        P\u00e9ssimo atendimento telef\u00f3nico, e maldoso - reclama\u00e7\u00e3o.\n                \u003C\/a\u003E\n            \u003C\/h4\u003E\n        \n                \u003C\/div\u003E\n            \u003C\/div\u003E\n        \u003C\/div\u003E\n\n    \u003C\/div\u003E\n\n\n"}